{"id":7008,"date":"2025-03-25T17:39:11","date_gmt":"2025-03-25T20:39:11","guid":{"rendered":"https:\/\/www.lubercorretora.com.br\/site\/?p=7008"},"modified":"2025-03-25T17:41:56","modified_gmt":"2025-03-25T20:41:56","slug":"como-evitar-a-paralisacao-de-cargas-e-garantir-um-transporte-eficiente","status":"publish","type":"post","link":"https:\/\/www.lubercorretora.com.br\/site\/como-evitar-a-paralisacao-de-cargas-e-garantir-um-transporte-eficiente\/","title":{"rendered":"Como evitar a paralisa\u00e7\u00e3o de cargas e garantir um transporte eficiente?"},"content":{"rendered":"\t\t<div data-elementor-type=\"wp-post\" data-elementor-id=\"7008\" class=\"elementor elementor-7008\" data-elementor-settings=\"{&quot;ha_cmc_init_switcher&quot;:&quot;no&quot;}\" data-elementor-post-type=\"post\">\n\t\t\t\t<div class=\"elementor-element elementor-element-4131290 e-flex e-con-boxed e-con e-parent\" data-id=\"4131290\" data-element_type=\"container\" data-e-type=\"container\" data-settings=\"{&quot;_ha_eqh_enable&quot;:false,&quot;ekit_has_onepagescroll_dot&quot;:&quot;yes&quot;}\">\n\t\t\t\t\t<div class=\"e-con-inner\">\n\t\t\t\t<div class=\"elementor-element elementor-element-ab6de9e elementor-widget elementor-widget-text-editor\" data-id=\"ab6de9e\" data-element_type=\"widget\" data-e-type=\"widget\" data-settings=\"{&quot;ekit_we_effect_on&quot;:&quot;none&quot;}\" data-widget_type=\"text-editor.default\">\n\t\t\t\t<div class=\"elementor-widget-container\">\n\t\t\t\t\t\t\t\t\t<p>Quando se fala em seguro para transporte de cargas, muita gente imagina que a principal preocupa\u00e7\u00e3o das transportadoras est\u00e1 no valor da ap\u00f3lice. Mas, na pr\u00e1tica, quem vive a opera\u00e7\u00e3o no dia a dia sabe que o maior desafio \u00e9 outro: evitar que uma carga fique parada por causa de falhas no gerenciamento de risco.<\/p><p>Situa\u00e7\u00f5es assim nem sempre envolvem grandes erros. \u00c0s vezes, um equipamento que n\u00e3o estava previsto no plano, uma exig\u00eancia ignorada por descuido ou uma regra mal interpretada j\u00e1 s\u00e3o suficientes para travar a opera\u00e7\u00e3o. E quando isso acontece, os preju\u00edzos aparecem r\u00e1pido, e n\u00e3o s\u00e3o poucos.<\/p><p>O preju\u00edzo vai al\u00e9m do financeiro. A paralisa\u00e7\u00e3o afeta a log\u00edstica, compromete o relacionamento com o cliente, interfere no fluxo de caixa e pode gerar efeitos em cadeia, atingindo parceiros, fornecedores e toda a rede envolvida. E tudo isso, muitas vezes, por detalhes que poderiam ser evitados com um pouco mais de aten\u00e7\u00e3o e planejamento.\u00a0<\/p><p>Voc\u00ea sabe quais s\u00e3o alguns deles? Por aqui, trabalhamos pensando em pontos estrat\u00e9gicos, como:<\/p><ul><li aria-level=\"1\"><b>Custos extras: <\/b>multas, taxas de reentrega, pagamento de horas extras, gastos com armazenamento inesperado, tudo isso pesando no or\u00e7amento;<\/li><li aria-level=\"1\"><b>Atrasos log\u00edsticos:<\/b> uma carga parada compromete rotas, cronogramas e planejamento, prejudicando o desempenho da opera\u00e7\u00e3o como um todo;<\/li><li aria-level=\"1\"><b>Perda de confian\u00e7a:<\/b> atrasos constantes afetam a percep\u00e7\u00e3o do cliente sobre a confiabilidade do servi\u00e7o;<\/li><li aria-level=\"1\"><b>Problemas em cadeia:<\/b> quando um elo para, todos os outros sentem e a recupera\u00e7\u00e3o pode levar tempo.<\/li><\/ul><p>Para evitar que esses problemas virem rotina, o ponto de partida est\u00e1 na preven\u00e7\u00e3o. E isso exige mais do que seguir protocolos b\u00e1sicos. \u00c9 preciso entender as necessidades da opera\u00e7\u00e3o, se antecipar a poss\u00edveis falhas e buscar solu\u00e7\u00f5es que unam seguran\u00e7a e agilidade, seguindo alguns passos essenciais para os seguros da Luber:<\/p><ul><li aria-level=\"1\"><b>Revisar o plano de gerenciamento de risco com frequ\u00eancia:<\/b> o plano n\u00e3o pode ser um documento engavetado. Ele precisa refletir a opera\u00e7\u00e3o atual e ser constantemente atualizado \u00e0 medida que processos, tecnologias ou rotas mudam;<\/li><li aria-level=\"1\"><b>Capacitar a equipe envolvida na opera\u00e7\u00e3o: <\/b>de motoristas a operadores, todos precisam conhecer as regras do seguro e saber como agir diante de diferentes situa\u00e7\u00f5es. Treinamento e alinhamento s\u00e3o fundamentais;<\/li><li aria-level=\"1\"><b>Investir em tecnologia como apoio estrat\u00e9gico:<\/b> monitoramento em tempo real, integra\u00e7\u00e3o de dados, rastreamento inteligente. A tecnologia ajuda a prever riscos e a agir r\u00e1pido, mas precisa estar bem integrada ao plano.<\/li><li aria-level=\"1\"><b>Escolher um seguro que se ajuste \u00e0 realidade do seu transporte:<\/b> uma ap\u00f3lice mal desenhada pode mais atrapalhar do que ajudar. \u00c9 importante contar com uma corretora que entenda o seu neg\u00f3cio e ofere\u00e7a solu\u00e7\u00f5es feitas sob medida, com flexibilidade e vis\u00e3o de longo prazo.<\/li><\/ul><p>Na Luber, a gente acredita que o seguro tem que proteger, sim, mas tamb\u00e9m precisa acompanhar o ritmo da opera\u00e7\u00e3o, sem travar o que est\u00e1 funcionando.<\/p><p>Mais do que vender ap\u00f3lices, queremos ser parceiros de quem transporta o que move o pa\u00eds. Porque quando a carga anda, o neg\u00f3cio tamb\u00e9m anda. E \u00e9 nisso que a gente acredita: seguran\u00e7a, efici\u00eancia e liberdade para seguir em frente.<\/p><p><b>Sobre n\u00f3s<\/b><\/p><p>Com mais de <b>15 anos de atua\u00e7\u00e3o no mercado de seguros corporativos<\/b> e mais de <b>3.000 clientes atendidos<\/b>, a empresa \u00e9 especializada na cria\u00e7\u00e3o de ap\u00f3lices sob medida para transportadores rodovi\u00e1rios de cargas, buscando unir demandas de segurados \u00e0s melhores ofertas de seguradoras para o aporte aplicado.<\/p><p>Baseada em Porto Alegre, no Rio Grande do Sul, os servi\u00e7os alcan\u00e7am o Brasil e o Mercosul, a Luber oferece solu\u00e7\u00f5es que v\u00e3o al\u00e9m da prote\u00e7\u00e3o, impulsionando o crescimento financeiro, mas tamb\u00e9m um atendimento qualificado 24h por dia, 7 dias por semana.<\/p><p>Entre em contato pelo <b>WhatsApp (51) 99138-8700<\/b>, pelo telefone <b>(51) 3208-1740<\/b> ou pelo e-mail <b>contato@lubercorretora.com.br<\/b>.<\/p>\t\t\t\t\t\t\t\t<\/div>\n\t\t\t\t<\/div>\n\t\t\t\t\t<\/div>\n\t\t\t\t<\/div>\n\t\t\t\t<\/div>\n\t\t","protected":false},"excerpt":{"rendered":"<p>Quando se fala em seguro para transporte de cargas, muita gente imagina que a principal preocupa\u00e7\u00e3o das transportadoras est\u00e1 no valor da ap\u00f3lice. Mas, na pr\u00e1tica, quem vive a opera\u00e7\u00e3o no dia a dia sabe que o maior desafio \u00e9 outro: evitar que uma carga fique parada por causa de falhas no gerenciamento de risco. [&hellip;]<\/p>\n","protected":false},"author":1,"featured_media":7013,"comment_status":"closed","ping_status":"open","sticky":false,"template":"","format":"standard","meta":{"_acf_changed":false,"footnotes":""},"categories":[4,1,41],"tags":[],"class_list":["post-7008","post","type-post","status-publish","format-standard","has-post-thumbnail","hentry","category-mercado-de-seguros","category-noticias-em-geral","category-seguros-empresariais"],"acf":[],"_links":{"self":[{"href":"https:\/\/www.lubercorretora.com.br\/site\/wp-json\/wp\/v2\/posts\/7008","targetHints":{"allow":["GET"]}}],"collection":[{"href":"https:\/\/www.lubercorretora.com.br\/site\/wp-json\/wp\/v2\/posts"}],"about":[{"href":"https:\/\/www.lubercorretora.com.br\/site\/wp-json\/wp\/v2\/types\/post"}],"author":[{"embeddable":true,"href":"https:\/\/www.lubercorretora.com.br\/site\/wp-json\/wp\/v2\/users\/1"}],"replies":[{"embeddable":true,"href":"https:\/\/www.lubercorretora.com.br\/site\/wp-json\/wp\/v2\/comments?post=7008"}],"version-history":[{"count":5,"href":"https:\/\/www.lubercorretora.com.br\/site\/wp-json\/wp\/v2\/posts\/7008\/revisions"}],"predecessor-version":[{"id":7014,"href":"https:\/\/www.lubercorretora.com.br\/site\/wp-json\/wp\/v2\/posts\/7008\/revisions\/7014"}],"wp:featuredmedia":[{"embeddable":true,"href":"https:\/\/www.lubercorretora.com.br\/site\/wp-json\/wp\/v2\/media\/7013"}],"wp:attachment":[{"href":"https:\/\/www.lubercorretora.com.br\/site\/wp-json\/wp\/v2\/media?parent=7008"}],"wp:term":[{"taxonomy":"category","embeddable":true,"href":"https:\/\/www.lubercorretora.com.br\/site\/wp-json\/wp\/v2\/categories?post=7008"},{"taxonomy":"post_tag","embeddable":true,"href":"https:\/\/www.lubercorretora.com.br\/site\/wp-json\/wp\/v2\/tags?post=7008"}],"curies":[{"name":"wp","href":"https:\/\/api.w.org\/{rel}","templated":true}]}}